{"id":16,"date":"2019-01-14T20:33:46","date_gmt":"2019-01-14T19:33:46","guid":{"rendered":"http:\/\/musikkapelle-salchendorf.de\/cf2\/?p=16"},"modified":"2019-01-14T20:33:46","modified_gmt":"2019-01-14T19:33:46","slug":"musikkapelle-salchendorf-und-werthenbach-besuchen-die-grundschule-deuz","status":"publish","type":"post","link":"https:\/\/musikkapelle-salchendorf.de\/cf2\/2019\/01\/14\/musikkapelle-salchendorf-und-werthenbach-besuchen-die-grundschule-deuz\/","title":{"rendered":"Musikkapelle Salchendorf und Werthenbach besuchen die Grundschule Deuz"},"content":{"rendered":"\n<figure class=\"wp-block-image\"><img decoding=\"async\" src=\"http:\/\/musikkapelle-salchendorf.de\/cf\/images\/stories\/Bilder\/GSDeuz2018\/Klasse 3.jpeg\" alt=\"\"\/><\/figure>\n\n\n\n<p>Aus einem Klassenraum kommen komische Ger\u00e4usche. Klar in einer  Grundschule wird auch mal laut geschrien, aber an diesem Morgen sind es  andere Ger\u00e4usche, die man auf dem Flur h\u00f6rt.<\/p>\n\n\n\n<p>\u201eQuietsch, Pfeif, Hub, Bum\u201c. Was ist da los?<\/p>\n\n\n\n<figure class=\"wp-block-image\"><img decoding=\"async\" src=\"http:\/\/musikkapelle-salchendorf.de\/cf\/images\/stories\/Bilder\/GSDeuz2018\/Klasse 4.jpeg\" alt=\"\"\/><\/figure>\n\n\n\n<p>Die Musikkapelle Salchendorf und Werthenbach waren mit vielen \nInstrumenten zu Besuch in der 3. und 4. Klasse. Jedes Kind durfte mal \nwas ausprobieren. Alles war dabei, was Kinderherzen h\u00f6her schlagen \nl\u00e4sst: Trompete, Horn, Posaune, Tuba, Schlagzeug, Klarinette, Saxophon \nund Querfl\u00f6te. Welche Aufregung! \u00dcberall mal rein pusten, mal kr\u00e4ftig \naufs Schlagzeug hauen und staunend den Geschichten der Musiker zuh\u00f6ren, \ndie ihre Instrumente erkl\u00e4ren.<\/p>\n\n\n\n<p>Das Jugend-Gemeinschaftsorchester <em>cravallo ffortissimo<\/em> sucht\n Nachwuchs und so zeigten einige Musikerinnen und Musiker den Kindern, \nwie das so geht mit den Instrumenten und welche Erfahrungen sie im \nVerein gemacht haben.<\/p>\n\n\n\n<p>Wir danken dem Schulleiter Herrn Zeiske f\u00fcr die Einladung in seine \nGrundschule. Alle hatten viel Spa\u00df dabei, das war eine sch\u00f6ne \nAbwechslung zum Schulalltag!<\/p>\n","protected":false},"excerpt":{"rendered":"<p>Aus einem Klassenraum kommen komische Ger\u00e4usche. Klar in einer Grundschule wird auch mal laut geschrien, aber an diesem Morgen sind es andere Ger\u00e4usche, die man auf dem Flur h\u00f6rt. \u201eQuietsch, Pfeif, Hub, Bum\u201c. Was ist da los? Die Musikkapelle Salchendorf und Werthenbach waren mit vielen Instrumenten zu Besuch in der 3. und 4. Klasse. Jedes [&hellip;]<\/p>\n","protected":false},"author":1,"featured_media":0,"comment_status":"open","ping_status":"open","sticky":false,"template":"","format":"standard","meta":{"footnotes":""},"categories":[1],"tags":[],"yoast_head":"<!-- This site is optimized with the Yoast SEO plugin v23.3 - https:\/\/yoast.com\/wordpress\/plugins\/seo\/ -->\n<title>Musikkapelle Salchendorf und Werthenbach besuchen die Grundschule Deuz - CRAVALLO FFORTISSIMO<\/title>\n<meta name=\"robots\" content=\"index, follow, max-snippet:-1, max-image-preview:large, max-video-preview:-1\" \/>\n<link rel=\"canonical\" href=\"https:\/\/musikkapelle-salchendorf.de\/cf2\/2019\/01\/14\/musikkapelle-salchendorf-und-werthenbach-besuchen-die-grundschule-deuz\/\" \/>\n<meta property=\"og:locale\" content=\"de_DE\" \/>\n<meta property=\"og:type\" content=\"article\" \/>\n<meta property=\"og:title\" content=\"Musikkapelle Salchendorf und Werthenbach besuchen die Grundschule Deuz - CRAVALLO FFORTISSIMO\" \/>\n<meta property=\"og:description\" content=\"Aus einem Klassenraum kommen komische Ger\u00e4usche. Klar in einer Grundschule wird auch mal laut geschrien, aber an diesem Morgen sind es andere Ger\u00e4usche, die man auf dem Flur h\u00f6rt. \u201eQuietsch, Pfeif, Hub, Bum\u201c. Was ist da los? Die Musikkapelle Salchendorf und Werthenbach waren mit vielen Instrumenten zu Besuch in der 3. und 4. Klasse. Jedes [&hellip;]\" \/>\n<meta property=\"og:url\" content=\"https:\/\/musikkapelle-salchendorf.de\/cf2\/2019\/01\/14\/musikkapelle-salchendorf-und-werthenbach-besuchen-die-grundschule-deuz\/\" \/>\n<meta property=\"og:site_name\" content=\"CRAVALLO FFORTISSIMO\" \/>\n<meta property=\"article:published_time\" content=\"2019-01-14T19:33:46+00:00\" \/>\n<meta property=\"og:image\" content=\"http:\/\/musikkapelle-salchendorf.de\/cf\/images\/stories\/Bilder\/GSDeuz2018\/Klasse%203.jpeg\" \/>\n<meta name=\"author\" content=\"jonas\" \/>\n<meta name=\"twitter:card\" content=\"summary_large_image\" \/>\n<meta name=\"twitter:label1\" content=\"Verfasst von\" \/>\n\t<meta name=\"twitter:data1\" content=\"jonas\" \/>\n\t<meta name=\"twitter:label2\" content=\"Gesch\u00e4tzte Lesezeit\" \/>\n\t<meta name=\"twitter:data2\" content=\"1\u00a0Minute\" \/>\n<script type=\"application\/ld+json\" class=\"yoast-schema-graph\">{\"@context\":\"https:\/\/schema.org\",\"@graph\":[{\"@type\":\"WebPage\",\"@id\":\"https:\/\/musikkapelle-salchendorf.de\/cf2\/2019\/01\/14\/musikkapelle-salchendorf-und-werthenbach-besuchen-die-grundschule-deuz\/\",\"url\":\"https:\/\/musikkapelle-salchendorf.de\/cf2\/2019\/01\/14\/musikkapelle-salchendorf-und-werthenbach-besuchen-die-grundschule-deuz\/\",\"name\":\"Musikkapelle Salchendorf und Werthenbach besuchen die Grundschule Deuz - CRAVALLO FFORTISSIMO\",\"isPartOf\":{\"@id\":\"https:\/\/musikkapelle-salchendorf.de\/cf2\/#website\"},\"datePublished\":\"2019-01-14T19:33:46+00:00\",\"dateModified\":\"2019-01-14T19:33:46+00:00\",\"author\":{\"@id\":\"https:\/\/musikkapelle-salchendorf.de\/cf2\/#\/schema\/person\/328bada20575b3cb2a298c6f5adf90ba\"},\"breadcrumb\":{\"@id\":\"https:\/\/musikkapelle-salchendorf.de\/cf2\/2019\/01\/14\/musikkapelle-salchendorf-und-werthenbach-besuchen-die-grundschule-deuz\/#breadcrumb\"},\"inLanguage\":\"de\",\"potentialAction\":[{\"@type\":\"ReadAction\",\"target\":[\"https:\/\/musikkapelle-salchendorf.de\/cf2\/2019\/01\/14\/musikkapelle-salchendorf-und-werthenbach-besuchen-die-grundschule-deuz\/\"]}]},{\"@type\":\"BreadcrumbList\",\"@id\":\"https:\/\/musikkapelle-salchendorf.de\/cf2\/2019\/01\/14\/musikkapelle-salchendorf-und-werthenbach-besuchen-die-grundschule-deuz\/#breadcrumb\",\"itemListElement\":[{\"@type\":\"ListItem\",\"position\":1,\"name\":\"Startseite\",\"item\":\"https:\/\/musikkapelle-salchendorf.de\/cf2\/\"},{\"@type\":\"ListItem\",\"position\":2,\"name\":\"Musikkapelle Salchendorf und Werthenbach besuchen die Grundschule Deuz\"}]},{\"@type\":\"WebSite\",\"@id\":\"https:\/\/musikkapelle-salchendorf.de\/cf2\/#website\",\"url\":\"https:\/\/musikkapelle-salchendorf.de\/cf2\/\",\"name\":\"CRAVALLO FFORTISSIMO\",\"description\":\"Jugendorchester der Musikkapellen Salchendorf und Werthenbach\",\"potentialAction\":[{\"@type\":\"SearchAction\",\"target\":{\"@type\":\"EntryPoint\",\"urlTemplate\":\"https:\/\/musikkapelle-salchendorf.de\/cf2\/?s={search_term_string}\"},\"query-input\":\"required name=search_term_string\"}],\"inLanguage\":\"de\"},{\"@type\":\"Person\",\"@id\":\"https:\/\/musikkapelle-salchendorf.de\/cf2\/#\/schema\/person\/328bada20575b3cb2a298c6f5adf90ba\",\"name\":\"jonas\",\"image\":{\"@type\":\"ImageObject\",\"inLanguage\":\"de\",\"@id\":\"https:\/\/musikkapelle-salchendorf.de\/cf2\/#\/schema\/person\/image\/\",\"url\":\"https:\/\/secure.gravatar.com\/avatar\/cddb293b5953b0c51ea4f7e76bfd53c3?s=96&d=mm&r=g\",\"contentUrl\":\"https:\/\/secure.gravatar.com\/avatar\/cddb293b5953b0c51ea4f7e76bfd53c3?s=96&d=mm&r=g\",\"caption\":\"jonas\"},\"url\":\"https:\/\/musikkapelle-salchendorf.de\/cf2\/author\/jonas\/\"}]}<\/script>\n<!-- \/ Yoast SEO plugin. -->","yoast_head_json":{"title":"Musikkapelle Salchendorf und Werthenbach besuchen die Grundschule Deuz - CRAVALLO FFORTISSIMO","robots":{"index":"index","follow":"follow","max-snippet":"max-snippet:-1","max-image-preview":"max-image-preview:large","max-video-preview":"max-video-preview:-1"},"canonical":"https:\/\/musikkapelle-salchendorf.de\/cf2\/2019\/01\/14\/musikkapelle-salchendorf-und-werthenbach-besuchen-die-grundschule-deuz\/","og_locale":"de_DE","og_type":"article","og_title":"Musikkapelle Salchendorf und Werthenbach besuchen die Grundschule Deuz - CRAVALLO FFORTISSIMO","og_description":"Aus einem Klassenraum kommen komische Ger\u00e4usche. Klar in einer Grundschule wird auch mal laut geschrien, aber an diesem Morgen sind es andere Ger\u00e4usche, die man auf dem Flur h\u00f6rt. \u201eQuietsch, Pfeif, Hub, Bum\u201c. Was ist da los? Die Musikkapelle Salchendorf und Werthenbach waren mit vielen Instrumenten zu Besuch in der 3. und 4. Klasse. Jedes [&hellip;]","og_url":"https:\/\/musikkapelle-salchendorf.de\/cf2\/2019\/01\/14\/musikkapelle-salchendorf-und-werthenbach-besuchen-die-grundschule-deuz\/","og_site_name":"CRAVALLO FFORTISSIMO","article_published_time":"2019-01-14T19:33:46+00:00","og_image":[{"url":"http:\/\/musikkapelle-salchendorf.de\/cf\/images\/stories\/Bilder\/GSDeuz2018\/Klasse 3.jpeg"}],"author":"jonas","twitter_card":"summary_large_image","twitter_misc":{"Verfasst von":"jonas","Gesch\u00e4tzte Lesezeit":"1\u00a0Minute"},"schema":{"@context":"https:\/\/schema.org","@graph":[{"@type":"WebPage","@id":"https:\/\/musikkapelle-salchendorf.de\/cf2\/2019\/01\/14\/musikkapelle-salchendorf-und-werthenbach-besuchen-die-grundschule-deuz\/","url":"https:\/\/musikkapelle-salchendorf.de\/cf2\/2019\/01\/14\/musikkapelle-salchendorf-und-werthenbach-besuchen-die-grundschule-deuz\/","name":"Musikkapelle Salchendorf und Werthenbach besuchen die Grundschule Deuz - CRAVALLO FFORTISSIMO","isPartOf":{"@id":"https:\/\/musikkapelle-salchendorf.de\/cf2\/#website"},"datePublished":"2019-01-14T19:33:46+00:00","dateModified":"2019-01-14T19:33:46+00:00","author":{"@id":"https:\/\/musikkapelle-salchendorf.de\/cf2\/#\/schema\/person\/328bada20575b3cb2a298c6f5adf90ba"},"breadcrumb":{"@id":"https:\/\/musikkapelle-salchendorf.de\/cf2\/2019\/01\/14\/musikkapelle-salchendorf-und-werthenbach-besuchen-die-grundschule-deuz\/#breadcrumb"},"inLanguage":"de","potentialAction":[{"@type":"ReadAction","target":["https:\/\/musikkapelle-salchendorf.de\/cf2\/2019\/01\/14\/musikkapelle-salchendorf-und-werthenbach-besuchen-die-grundschule-deuz\/"]}]},{"@type":"BreadcrumbList","@id":"https:\/\/musikkapelle-salchendorf.de\/cf2\/2019\/01\/14\/musikkapelle-salchendorf-und-werthenbach-besuchen-die-grundschule-deuz\/#breadcrumb","itemListElement":[{"@type":"ListItem","position":1,"name":"Startseite","item":"https:\/\/musikkapelle-salchendorf.de\/cf2\/"},{"@type":"ListItem","position":2,"name":"Musikkapelle Salchendorf und Werthenbach besuchen die Grundschule Deuz"}]},{"@type":"WebSite","@id":"https:\/\/musikkapelle-salchendorf.de\/cf2\/#website","url":"https:\/\/musikkapelle-salchendorf.de\/cf2\/","name":"CRAVALLO FFORTISSIMO","description":"Jugendorchester der Musikkapellen Salchendorf und Werthenbach","potentialAction":[{"@type":"SearchAction","target":{"@type":"EntryPoint","urlTemplate":"https:\/\/musikkapelle-salchendorf.de\/cf2\/?s={search_term_string}"},"query-input":"required name=search_term_string"}],"inLanguage":"de"},{"@type":"Person","@id":"https:\/\/musikkapelle-salchendorf.de\/cf2\/#\/schema\/person\/328bada20575b3cb2a298c6f5adf90ba","name":"jonas","image":{"@type":"ImageObject","inLanguage":"de","@id":"https:\/\/musikkapelle-salchendorf.de\/cf2\/#\/schema\/person\/image\/","url":"https:\/\/secure.gravatar.com\/avatar\/cddb293b5953b0c51ea4f7e76bfd53c3?s=96&d=mm&r=g","contentUrl":"https:\/\/secure.gravatar.com\/avatar\/cddb293b5953b0c51ea4f7e76bfd53c3?s=96&d=mm&r=g","caption":"jonas"},"url":"https:\/\/musikkapelle-salchendorf.de\/cf2\/author\/jonas\/"}]}},"_links":{"self":[{"href":"https:\/\/musikkapelle-salchendorf.de\/cf2\/wp-json\/wp\/v2\/posts\/16"}],"collection":[{"href":"https:\/\/musikkapelle-salchendorf.de\/cf2\/wp-json\/wp\/v2\/posts"}],"about":[{"href":"https:\/\/musikkapelle-salchendorf.de\/cf2\/wp-json\/wp\/v2\/types\/post"}],"author":[{"embeddable":true,"href":"https:\/\/musikkapelle-salchendorf.de\/cf2\/wp-json\/wp\/v2\/users\/1"}],"replies":[{"embeddable":true,"href":"https:\/\/musikkapelle-salchendorf.de\/cf2\/wp-json\/wp\/v2\/comments?post=16"}],"version-history":[{"count":1,"href":"https:\/\/musikkapelle-salchendorf.de\/cf2\/wp-json\/wp\/v2\/posts\/16\/revisions"}],"predecessor-version":[{"id":17,"href":"https:\/\/musikkapelle-salchendorf.de\/cf2\/wp-json\/wp\/v2\/posts\/16\/revisions\/17"}],"wp:attachment":[{"href":"https:\/\/musikkapelle-salchendorf.de\/cf2\/wp-json\/wp\/v2\/media?parent=16"}],"wp:term":[{"taxonomy":"category","embeddable":true,"href":"https:\/\/musikkapelle-salchendorf.de\/cf2\/wp-json\/wp\/v2\/categories?post=16"},{"taxonomy":"post_tag","embeddable":true,"href":"https:\/\/musikkapelle-salchendorf.de\/cf2\/wp-json\/wp\/v2\/tags?post=16"}],"curies":[{"name":"wp","href":"https:\/\/api.w.org\/{rel}","templated":true}]}}